[{"@context":"https:\/\/schema.org\/","@type":"Article","@id":"https:\/\/www.audea.cz\/chcete-vedet-kdy-pujdete-do-penze\/#Article","mainEntityOfPage":"https:\/\/www.audea.cz\/chcete-vedet-kdy-pujdete-do-penze\/","headline":"Chcete v\u011bd\u011bt, kdy p\u016fjdete do penze?","name":"Chcete v\u011bd\u011bt, kdy p\u016fjdete do penze?","description":"Zn\u00e1t m\u011bs\u00edc a rok, kdy v\u00e1m vznikne z\u00e1konn\u00fd n\u00e1rok na odchod na odpo\u010dinek, je zajist\u00e9 kl\u00ed\u010dovou informac\u00ed v \u017eivot\u011b ka\u017ed\u00e9ho z n\u00e1s. I kdy\u017e si mnoho lid\u00ed mysl\u00ed, \u017ee j\u00ed znaj\u00ed, pravd\u011bpodobn\u011b to nen\u00ed pravda. Mysl\u00ed si toti\u017e, \u017ee budou pracovat stejn\u011b dlouho jako jejich rodi\u010de a t\u00edm p\u00e1dem p\u016fjdou [&hellip;]","datePublished":"2024-11-21","dateModified":"2024-11-21","author":{"@type":"Person","@id":"https:\/\/www.audea.cz\/author\/devene\/#Person","name":"devene","url":"https:\/\/www.audea.cz\/author\/devene\/","identifier":1,"image":{"@type":"ImageObject","@id":"https:\/\/secure.gravatar.com\/avatar\/6b1978a802e1d2522476d4f1a954a19e989b74ba84b3e15a182efb651cc75097?s=96&d=mm&r=g","url":"https:\/\/secure.gravatar.com\/avatar\/6b1978a802e1d2522476d4f1a954a19e989b74ba84b3e15a182efb651cc75097?s=96&d=mm&r=g","height":96,"width":96}},"publisher":{"@type":"Organization","name":"audea.cz","logo":{"@type":"ImageObject","@id":"\/logo.png","url":"\/logo.png","width":600,"height":60}},"url":"https:\/\/www.audea.cz\/chcete-vedet-kdy-pujdete-do-penze\/","wordCount":239,"articleBody":"Zn\u00e1t m\u011bs\u00edc a rok, kdy v\u00e1m vznikne z\u00e1konn\u00fd n\u00e1rok na odchod na odpo\u010dinek, je zajist\u00e9 kl\u00ed\u010dovou informac\u00ed v \u017eivot\u011b ka\u017ed\u00e9ho z n\u00e1s. I kdy\u017e si mnoho lid\u00ed mysl\u00ed, \u017ee j\u00ed znaj\u00ed, pravd\u011bpodobn\u011b to nen\u00ed pravda. Mysl\u00ed si toti\u017e, \u017ee budou pracovat stejn\u011b dlouho jako jejich rodi\u010de a t\u00edm p\u00e1dem p\u016fjdou do\u00a0penze ve v\u00edce m\u00e9n\u011b stejn\u00e9m v\u011bku. Jen\u017ee normy se ka\u017ed\u00fdm rokem m\u011bn\u00ed a takov\u00e9 stanovisko u\u017e d\u00e1vno nen\u00ed pravdiv\u00e9. Existuje n\u011bco jednodu\u0161\u0161\u00edho, ne\u017e se obr\u00e1tit a spolehnout na lidi, kte\u0159\u00ed se touto oblasti aktivn\u011b zab\u00fdvaj\u00ed a p\u0159edev\u0161\u00edm se v n\u00ed perfektn\u011b vyznaj\u00ed? Nejsp\u00ed\u0161 ne. Proto si ned\u011blejte starosti s v\u00fdpo\u010dty a m\u00edsto toho se spolehn\u011bte na n\u00e1s.Jednoduch\u00fd zp\u016fsob, jak zjistit sv\u016fj penzijn\u00ed v\u011bkNechcete s v\u00fdpo\u010dty ztr\u00e1cet \u010das a naj\u00edt v\u0161echny informace v\u00e1m tak\u00e9 p\u0159ipad\u00e1 slo\u017eit\u00e9? M\u00e1me pro v\u00e1s velice jednoduch\u00e9 \u0159e\u0161en\u00ed. Kalkula\u010dka d\u016fchodu v\u00e1m b\u011bhem chvilky a jen pomoc\u00ed t\u0159\u00ed va\u0161ich \u00fadaj\u016f spo\u010d\u00edt\u00e1 p\u0159esn\u011b v\u00e1\u0161 penzijn\u00ed v\u011bk a d\u00e1 v\u00e1m v\u00fdsledek spole\u010dn\u011b s dal\u0161\u00edmi d\u016fle\u017eit\u00fdmi informacemi do\u00a0p\u0159ehledn\u00e9 tabulky. Problematika penze pro v\u00e1s nem\u016f\u017ee b\u00fdt jednodu\u0161\u0161\u00ed.                                                                                                                                                                                                                                                                                                                                                                                                "},{"@context":"https:\/\/schema.org\/","@type":"BreadcrumbList","itemListElement":[{"@type":"ListItem","position":1,"name":"Chcete v\u011bd\u011bt, kdy p\u016fjdete do penze?","item":"https:\/\/www.audea.cz\/chcete-vedet-kdy-pujdete-do-penze\/#breadcrumbitem"}]}]