[{"@context":"https:\/\/schema.org\/","@type":"Article","@id":"https:\/\/www.audea.cz\/chutne-jidlo-vam-dodame-i-na-vase-pracoviste\/#Article","mainEntityOfPage":"https:\/\/www.audea.cz\/chutne-jidlo-vam-dodame-i-na-vase-pracoviste\/","headline":"Chutn\u00e9 j\u00eddlo v\u00e1m dod\u00e1me i na va\u0161e pracovi\u0161t\u011b","name":"Chutn\u00e9 j\u00eddlo v\u00e1m dod\u00e1me i na va\u0161e pracovi\u0161t\u011b","description":"Nem\u016f\u017eete se z pr\u00e1ce uvolnit ani v poledn\u00ed p\u0159est\u00e1vce a m\u00e1te hlad? M\u00e1me pro v\u00e1s v\u00fdborn\u00e9 \u0159e\u0161en\u00ed. Zavolejte n\u00e1m a my v\u00e1m dovezeme na\u0161e chutn\u00e9 j\u00eddlo. Co to bude? P\u0159ece v\u00fdborn\u00e1 pizza. Na n\u00ed si dob\u0159e pochutn\u00e1te. Zasyt\u00ed v\u00e1s a pak m\u016f\u017eete pokra\u010dovat ve sv\u00e9 pr\u00e1ci. Tak nev\u00e1hejte. \u010cek\u00e1me na [&hellip;]","datePublished":"2024-11-15","dateModified":"2024-11-15","author":{"@type":"Person","@id":"https:\/\/www.audea.cz\/author\/devene\/#Person","name":"devene","url":"https:\/\/www.audea.cz\/author\/devene\/","identifier":1,"image":{"@type":"ImageObject","@id":"https:\/\/secure.gravatar.com\/avatar\/6b1978a802e1d2522476d4f1a954a19e989b74ba84b3e15a182efb651cc75097?s=96&d=mm&r=g","url":"https:\/\/secure.gravatar.com\/avatar\/6b1978a802e1d2522476d4f1a954a19e989b74ba84b3e15a182efb651cc75097?s=96&d=mm&r=g","height":96,"width":96}},"publisher":{"@type":"Organization","name":"audea.cz","logo":{"@type":"ImageObject","@id":"\/logo.png","url":"\/logo.png","width":600,"height":60}},"url":"https:\/\/www.audea.cz\/chutne-jidlo-vam-dodame-i-na-vase-pracoviste\/","wordCount":179,"articleBody":"Nem\u016f\u017eete se z pr\u00e1ce uvolnit ani v poledn\u00ed p\u0159est\u00e1vce a m\u00e1te hlad? M\u00e1me pro v\u00e1s v\u00fdborn\u00e9 \u0159e\u0161en\u00ed. Zavolejte n\u00e1m a my v\u00e1m dovezeme na\u0161e chutn\u00e9 j\u00eddlo. Co to bude? P\u0159ece v\u00fdborn\u00e1 pizza. Na n\u00ed si dob\u0159e pochutn\u00e1te. Zasyt\u00ed v\u00e1s a pak m\u016f\u017eete pokra\u010dovat ve sv\u00e9 pr\u00e1ci. Tak nev\u00e1hejte. \u010cek\u00e1me na va\u0161e objedn\u00e1vky a n\u00e1sledn\u011b hned vyj\u00ed\u017ed\u00edme za v\u00e1mi. Zajist\u00edme ob\u010derstven\u00ed pro va\u0161i oslavu M\u00e1te doma oslavu a nem\u00e1te \u010das p\u0159\u00edli\u0161 va\u0159it? I pro tuto situaci m\u00e1me snadn\u00e9 \u0159e\u0161en\u00ed. My v\u00e1m nab\u00edz\u00edme rozvoz pizzy Praha. V\u011b\u0159\u00edme, \u017ee va\u0161emu oslavenci i v\u0161em ostatn\u00edm \u00fa\u010dastn\u00edk\u016fm oslavy bude chutnat. M\u00e1me \u0161irok\u00fd v\u00fdb\u011br, tak\u017ee p\u0159edpokl\u00e1d\u00e1me, \u017ee nebude \u017e\u00e1dn\u00fd probl\u00e9m, aby si ka\u017ed\u00fd vybral pr\u00e1v\u011b tu, na kterou dostane zrovna chu\u0165. \u010cek\u00e1me na va\u0161e objedn\u00e1vky.                                                                                                                                                                                                                                                                                                                                                                                                "},{"@context":"https:\/\/schema.org\/","@type":"BreadcrumbList","itemListElement":[{"@type":"ListItem","position":1,"name":"Chutn\u00e9 j\u00eddlo v\u00e1m dod\u00e1me i na va\u0161e pracovi\u0161t\u011b","item":"https:\/\/www.audea.cz\/chutne-jidlo-vam-dodame-i-na-vase-pracoviste\/#breadcrumbitem"}]}]