[{"@context":"https:\/\/schema.org\/","@type":"Blog","@id":"https:\/\/www.audea.cz#Blog","headline":"Audea","description":"\nM\u00e1te-li aspo\u0148 \u0161petku zdrav\u00e9ho rozumu, pak ur\u010dit\u011b nepodlehnete jen tak n\u011bjak\u00e9 pochybn\u00e9 nab\u00eddce. A m\u00e1te-li ho v\u00edc ne\u017e \u0161petku, vyu\u017eijete n\u00e1\u0161 bezprobl\u00e9mov\u00fd web.","url":"https:\/\/www.audea.cz","hasPart":[{"@type":"Article","@id":"https:\/\/www.audea.cz\/keltove-na-ceskem-uzemi\/","headline":"Keltov\u00e9 na \u010cesk\u00e9m \u00fazem\u00ed","url":"https:\/\/www.audea.cz\/keltove-na-ceskem-uzemi\/","datePublished":"2025-03-01","dateModified":"2025-03-01","mainEntityOfPage":"https:\/\/www.audea.cz\/keltove-na-ceskem-uzemi\/","author":{"@type":"Person","@id":"https:\/\/www.audea.cz\/author\/devene\/#Person","name":"devene","url":"https:\/\/www.audea.cz\/author\/devene\/","identifier":1,"image":{"@type":"ImageObject","@id":"https:\/\/secure.gravatar.com\/avatar\/6b1978a802e1d2522476d4f1a954a19e989b74ba84b3e15a182efb651cc75097?s=96&d=mm&r=g","url":"https:\/\/secure.gravatar.com\/avatar\/6b1978a802e1d2522476d4f1a954a19e989b74ba84b3e15a182efb651cc75097?s=96&d=mm&r=g","height":96,"width":96}},"publisher":{"@type":"Organization","name":"audea.cz","logo":{"@type":"ImageObject","@id":"\/logo.png","url":"\/logo.png","width":600,"height":60}},"image":{"@type":"ImageObject","@id":"https:\/\/www.audea.cz\/wp-content\/uploads\/img_a287608_w1929_t1498153316.jpg","url":"https:\/\/www.audea.cz\/wp-content\/uploads\/img_a287608_w1929_t1498153316.jpg","height":0,"width":0},"wordCount":726,"keywords":null},{"@type":"Article","@id":"https:\/\/www.audea.cz\/kvalita-vyrobku-je-na-nich-znat-uz-od-prvniho-pohledu\/","headline":"Kvalita v\u00fdrobku je na nich zn\u00e1t u\u017e od prvn\u00edho pohledu","url":"https:\/\/www.audea.cz\/kvalita-vyrobku-je-na-nich-znat-uz-od-prvniho-pohledu\/","datePublished":"2025-02-27","dateModified":"2025-02-27","mainEntityOfPage":"https:\/\/www.audea.cz\/kvalita-vyrobku-je-na-nich-znat-uz-od-prvniho-pohledu\/","author":{"@type":"Person","@id":"https:\/\/www.audea.cz\/author\/devene\/#Person","name":"devene","url":"https:\/\/www.audea.cz\/author\/devene\/","identifier":1,"image":{"@type":"ImageObject","@id":"https:\/\/secure.gravatar.com\/avatar\/6b1978a802e1d2522476d4f1a954a19e989b74ba84b3e15a182efb651cc75097?s=96&d=mm&r=g","url":"https:\/\/secure.gravatar.com\/avatar\/6b1978a802e1d2522476d4f1a954a19e989b74ba84b3e15a182efb651cc75097?s=96&d=mm&r=g","height":96,"width":96}},"publisher":{"@type":"Organization","name":"audea.cz","logo":{"@type":"ImageObject","@id":"\/logo.png","url":"\/logo.png","width":600,"height":60}},"image":null,"wordCount":244,"keywords":null},{"@type":"Article","@id":"https:\/\/www.audea.cz\/je-v-poradku-kdyz-mame-vyssi-pozadavky\/","headline":"Je v po\u0159\u00e1dku, kdy\u017e m\u00e1me vy\u0161\u0161\u00ed po\u017eadavky","url":"https:\/\/www.audea.cz\/je-v-poradku-kdyz-mame-vyssi-pozadavky\/","datePublished":"2025-02-23","dateModified":"2025-02-23","mainEntityOfPage":"https:\/\/www.audea.cz\/je-v-poradku-kdyz-mame-vyssi-pozadavky\/","author":{"@type":"Person","@id":"https:\/\/www.audea.cz\/author\/devene\/#Person","name":"devene","url":"https:\/\/www.audea.cz\/author\/devene\/","identifier":1,"image":{"@type":"ImageObject","@id":"https:\/\/secure.gravatar.com\/avatar\/6b1978a802e1d2522476d4f1a954a19e989b74ba84b3e15a182efb651cc75097?s=96&d=mm&r=g","url":"https:\/\/secure.gravatar.com\/avatar\/6b1978a802e1d2522476d4f1a954a19e989b74ba84b3e15a182efb651cc75097?s=96&d=mm&r=g","height":96,"width":96}},"publisher":{"@type":"Organization","name":"audea.cz","logo":{"@type":"ImageObject","@id":"\/logo.png","url":"\/logo.png","width":600,"height":60}},"image":null,"wordCount":208,"keywords":null},{"@type":"Article","@id":"https:\/\/www.audea.cz\/kdyz-je-moderni-technika-v-roli-zdravotnika\/","headline":"Kdy\u017e je modern\u00ed technika v roli zdravotn\u00edka\u2026","url":"https:\/\/www.audea.cz\/kdyz-je-moderni-technika-v-roli-zdravotnika\/","datePublished":"2025-02-17","dateModified":"2025-02-17","mainEntityOfPage":"https:\/\/www.audea.cz\/kdyz-je-moderni-technika-v-roli-zdravotnika\/","author":{"@type":"Person","@id":"https:\/\/www.audea.cz\/author\/devene\/#Person","name":"devene","url":"https:\/\/www.audea.cz\/author\/devene\/","identifier":1,"image":{"@type":"ImageObject","@id":"https:\/\/secure.gravatar.com\/avatar\/6b1978a802e1d2522476d4f1a954a19e989b74ba84b3e15a182efb651cc75097?s=96&d=mm&r=g","url":"https:\/\/secure.gravatar.com\/avatar\/6b1978a802e1d2522476d4f1a954a19e989b74ba84b3e15a182efb651cc75097?s=96&d=mm&r=g","height":96,"width":96}},"publisher":{"@type":"Organization","name":"audea.cz","logo":{"@type":"ImageObject","@id":"\/logo.png","url":"\/logo.png","width":600,"height":60}},"image":null,"wordCount":418,"keywords":null},{"@type":"Article","@id":"https:\/\/www.audea.cz\/podnikani-nekdy-nevynasi\/","headline":"Podnik\u00e1n\u00ed n\u011bkdy nevyn\u00e1\u0161\u00ed","url":"https:\/\/www.audea.cz\/podnikani-nekdy-nevynasi\/","datePublished":"2025-02-11","dateModified":"2025-02-11","mainEntityOfPage":"https:\/\/www.audea.cz\/podnikani-nekdy-nevynasi\/","author":{"@type":"Person","@id":"https:\/\/www.audea.cz\/author\/devene\/#Person","name":"devene","url":"https:\/\/www.audea.cz\/author\/devene\/","identifier":1,"image":{"@type":"ImageObject","@id":"https:\/\/secure.gravatar.com\/avatar\/6b1978a802e1d2522476d4f1a954a19e989b74ba84b3e15a182efb651cc75097?s=96&d=mm&r=g","url":"https:\/\/secure.gravatar.com\/avatar\/6b1978a802e1d2522476d4f1a954a19e989b74ba84b3e15a182efb651cc75097?s=96&d=mm&r=g","height":96,"width":96}},"publisher":{"@type":"Organization","name":"audea.cz","logo":{"@type":"ImageObject","@id":"\/logo.png","url":"\/logo.png","width":600,"height":60}},"image":{"@type":"ImageObject","@id":"https:\/\/www.audea.cz\/wp-content\/uploads\/pppppp_10_10_10_10_3.jpg","url":"https:\/\/www.audea.cz\/wp-content\/uploads\/pppppp_10_10_10_10_3.jpg","height":0,"width":0},"wordCount":636,"keywords":null},{"@type":"Article","@id":"https:\/\/www.audea.cz\/danova-evidence\/","headline":"Da\u0148ov\u00e1 evidence","url":"https:\/\/www.audea.cz\/danova-evidence\/","datePublished":"2025-02-10","dateModified":"2025-02-10","mainEntityOfPage":"https:\/\/www.audea.cz\/danova-evidence\/","author":{"@type":"Person","@id":"https:\/\/www.audea.cz\/author\/devene\/#Person","name":"devene","url":"https:\/\/www.audea.cz\/author\/devene\/","identifier":1,"image":{"@type":"ImageObject","@id":"https:\/\/secure.gravatar.com\/avatar\/6b1978a802e1d2522476d4f1a954a19e989b74ba84b3e15a182efb651cc75097?s=96&d=mm&r=g","url":"https:\/\/secure.gravatar.com\/avatar\/6b1978a802e1d2522476d4f1a954a19e989b74ba84b3e15a182efb651cc75097?s=96&d=mm&r=g","height":96,"width":96}},"publisher":{"@type":"Organization","name":"audea.cz","logo":{"@type":"ImageObject","@id":"\/logo.png","url":"\/logo.png","width":600,"height":60}},"image":null,"wordCount":226,"keywords":null},{"@type":"Article","@id":"https:\/\/www.audea.cz\/dekorace-vhodne-pro-cely-dum\/","headline":"Dekorace vhodn\u00e9 pro cel\u00fd d\u016fm","url":"https:\/\/www.audea.cz\/dekorace-vhodne-pro-cely-dum\/","datePublished":"2025-02-01","dateModified":"2025-02-01","mainEntityOfPage":"https:\/\/www.audea.cz\/dekorace-vhodne-pro-cely-dum\/","author":{"@type":"Person","@id":"https:\/\/www.audea.cz\/author\/devene\/#Person","name":"devene","url":"https:\/\/www.audea.cz\/author\/devene\/","identifier":1,"image":{"@type":"ImageObject","@id":"https:\/\/secure.gravatar.com\/avatar\/6b1978a802e1d2522476d4f1a954a19e989b74ba84b3e15a182efb651cc75097?s=96&d=mm&r=g","url":"https:\/\/secure.gravatar.com\/avatar\/6b1978a802e1d2522476d4f1a954a19e989b74ba84b3e15a182efb651cc75097?s=96&d=mm&r=g","height":96,"width":96}},"publisher":{"@type":"Organization","name":"audea.cz","logo":{"@type":"ImageObject","@id":"\/logo.png","url":"\/logo.png","width":600,"height":60}},"image":null,"wordCount":257,"keywords":null},{"@type":"Article","@id":"https:\/\/www.audea.cz\/registrace-do-katalogu\/","headline":"Registrace do katalog\u016f","url":"https:\/\/www.audea.cz\/registrace-do-katalogu\/","datePublished":"2025-01-27","dateModified":"2025-01-27","mainEntityOfPage":"https:\/\/www.audea.cz\/registrace-do-katalogu\/","author":{"@type":"Person","@id":"https:\/\/www.audea.cz\/author\/devene\/#Person","name":"devene","url":"https:\/\/www.audea.cz\/author\/devene\/","identifier":1,"image":{"@type":"ImageObject","@id":"https:\/\/secure.gravatar.com\/avatar\/6b1978a802e1d2522476d4f1a954a19e989b74ba84b3e15a182efb651cc75097?s=96&d=mm&r=g","url":"https:\/\/secure.gravatar.com\/avatar\/6b1978a802e1d2522476d4f1a954a19e989b74ba84b3e15a182efb651cc75097?s=96&d=mm&r=g","height":96,"width":96}},"publisher":{"@type":"Organization","name":"audea.cz","logo":{"@type":"ImageObject","@id":"\/logo.png","url":"\/logo.png","width":600,"height":60}},"image":null,"wordCount":231,"keywords":null},{"@type":"Article","@id":"https:\/\/www.audea.cz\/snizte-svoje-vydaje\/","headline":"Sni\u017ete svoje v\u00fddaje","url":"https:\/\/www.audea.cz\/snizte-svoje-vydaje\/","datePublished":"2025-01-19","dateModified":"2025-01-19","mainEntityOfPage":"https:\/\/www.audea.cz\/snizte-svoje-vydaje\/","author":{"@type":"Person","@id":"https:\/\/www.audea.cz\/author\/devene\/#Person","name":"devene","url":"https:\/\/www.audea.cz\/author\/devene\/","identifier":1,"image":{"@type":"ImageObject","@id":"https:\/\/secure.gravatar.com\/avatar\/6b1978a802e1d2522476d4f1a954a19e989b74ba84b3e15a182efb651cc75097?s=96&d=mm&r=g","url":"https:\/\/secure.gravatar.com\/avatar\/6b1978a802e1d2522476d4f1a954a19e989b74ba84b3e15a182efb651cc75097?s=96&d=mm&r=g","height":96,"width":96}},"publisher":{"@type":"Organization","name":"audea.cz","logo":{"@type":"ImageObject","@id":"\/logo.png","url":"\/logo.png","width":600,"height":60}},"image":null,"wordCount":288,"keywords":null},{"@type":"Article","@id":"https:\/\/www.audea.cz\/nebojte-se-oslovit-divku-i-pres-internet\/","headline":"Nebojte se oslovit d\u00edvku i p\u0159es internet","url":"https:\/\/www.audea.cz\/nebojte-se-oslovit-divku-i-pres-internet\/","datePublished":"2025-01-14","dateModified":"2025-01-14","mainEntityOfPage":"https:\/\/www.audea.cz\/nebojte-se-oslovit-divku-i-pres-internet\/","author":{"@type":"Person","@id":"https:\/\/www.audea.cz\/author\/devene\/#Person","name":"devene","url":"https:\/\/www.audea.cz\/author\/devene\/","identifier":1,"image":{"@type":"ImageObject","@id":"https:\/\/secure.gravatar.com\/avatar\/6b1978a802e1d2522476d4f1a954a19e989b74ba84b3e15a182efb651cc75097?s=96&d=mm&r=g","url":"https:\/\/secure.gravatar.com\/avatar\/6b1978a802e1d2522476d4f1a954a19e989b74ba84b3e15a182efb651cc75097?s=96&d=mm&r=g","height":96,"width":96}},"publisher":{"@type":"Organization","name":"audea.cz","logo":{"@type":"ImageObject","@id":"\/logo.png","url":"\/logo.png","width":600,"height":60}},"image":null,"wordCount":242,"keywords":null}]},{"@context":"https:\/\/schema.org","@type":"WebSite","@id":"https:\/\/www.audea.cz\/#website","name":"Audea","url":"https:\/\/www.audea.cz","potentialAction":{"@type":"SearchAction","target":"https:\/\/www.audea.cz\/?s={search_term_string}","query-input":"required name=search_term_string"}}]