[{"@context":"https:\/\/schema.org\/","@type":"Article","@id":"https:\/\/www.audea.cz\/podzim-na-zahrade\/#Article","mainEntityOfPage":"https:\/\/www.audea.cz\/podzim-na-zahrade\/","headline":"Podzim na zahrad\u011b","name":"Podzim na zahrad\u011b","description":"Devades\u00e1t procent zahr\u00e1dk\u00e1\u0159\u016f se shodne nad t\u00edm, \u017ee nejkr\u00e1sn\u011bj\u0161\u00ed obdob\u00ed na zahrad\u011b je podzim. Ani ne tak kv\u016fli \u00farody, kterou jist\u011b ka\u017ed\u00fd r\u00e1d skl\u00edz\u00ed, ale hlavn\u011b pro ty barvy. List\u00ed je za\u010d\u00edn\u00e1 m\u011bnit, \u017eloutne a\u017e pot\u00e9 z\u010derven\u00e1 a pad\u00e1 k zemi. Je to podobn\u00e9 jako \u017eivot \u010dlov\u011bka. Narod\u00ed se jen [&hellip;]","datePublished":"2024-08-29","dateModified":"2024-08-29","author":{"@type":"Person","@id":"https:\/\/www.audea.cz\/author\/devene\/#Person","name":"devene","url":"https:\/\/www.audea.cz\/author\/devene\/","identifier":1,"image":{"@type":"ImageObject","@id":"https:\/\/secure.gravatar.com\/avatar\/6b1978a802e1d2522476d4f1a954a19e989b74ba84b3e15a182efb651cc75097?s=96&d=mm&r=g","url":"https:\/\/secure.gravatar.com\/avatar\/6b1978a802e1d2522476d4f1a954a19e989b74ba84b3e15a182efb651cc75097?s=96&d=mm&r=g","height":96,"width":96}},"publisher":{"@type":"Organization","name":"audea.cz","logo":{"@type":"ImageObject","@id":"\/logo.png","url":"\/logo.png","width":600,"height":60}},"image":{"@type":"ImageObject","@id":"https:\/\/www.audea.cz\/wp-content\/uploads\/leaf-6760484_640.jpg","url":"https:\/\/www.audea.cz\/wp-content\/uploads\/leaf-6760484_640.jpg","height":0,"width":0},"url":"https:\/\/www.audea.cz\/podzim-na-zahrade\/","about":["Zahrada a d\u016fm"],"wordCount":411,"articleBody":"Devades\u00e1t procent zahr\u00e1dk\u00e1\u0159\u016f se shodne nad t\u00edm, \u017ee nejkr\u00e1sn\u011bj\u0161\u00ed obdob\u00ed na zahrad\u011b je podzim. Ani ne tak kv\u016fli \u00farody, kterou jist\u011b ka\u017ed\u00fd r\u00e1d skl\u00edz\u00ed, ale hlavn\u011b pro ty barvy. List\u00ed je za\u010d\u00edn\u00e1 m\u011bnit, \u017eloutne a\u017e pot\u00e9 z\u010derven\u00e1 a pad\u00e1 k zemi. Je to podobn\u00e9 jako \u017eivot \u010dlov\u011bka. Narod\u00ed se jen proto, aby pot\u00e9 zem\u0159el. Stejn\u011b jako list ka\u017ed\u00e9ho roku d\u011bl\u00e1 tot\u00e9\u017e. Na zahr\u00e1dce samotn\u00e9 ji\u017e tolik pr\u00e1ce nen\u00ed, pokud si jej\u00ed majitel hled\u00ed pravideln\u00e9 \u00fadr\u017eby. Nyn\u00ed ji\u017e jen sb\u00edr\u00e1 zbytky, kter\u00e9 n\u011bkde zapomn\u011bl uklidit, zast\u0159\u00edh\u00e1v\u00e1, co je t\u0159eba a hrabe list\u00ed. To se pr\u00fd ji\u017e p\u00e1lit nesm\u00ed, tak je cpe do kontejner\u016f, kter\u00e9 jsou pak ekologicky autem s naftov\u00fdm motorem odv\u00e1\u017eeny n\u011bkam za m\u011bsto. \u00a0Ten druh\u00fd zahr\u00e1dk\u00e1\u0159 list\u00ed nahrne do v\u0161ech roh\u016f zahrady, proto\u017ee v\u00ed, \u017ee i ten je\u017eek pot\u0159ebuje n\u011bkde p\u0159ezimovat a kopa list\u00ed je pro n\u011bho vlastn\u011b takov\u00fdm zimn\u00edm domovem. On se tam hezky zavrt\u00e1 a zm\u011bn\u00ed sv\u016fj metabolismus. Pak tam usne a prosp\u00ed celou zimu, co\u017e by jist\u011b mo\u017en\u00e1 r\u00e1di ud\u011blali i n\u011bkte\u0159\u00ed lid\u00e9. Vyleze pak a\u017e na ja\u0159e, kdy se teploty zvednou a bude tu pro n\u011bj n\u011bkde n\u011bjak\u00e1 potrava. Na podzim se vlastn\u011b chyst\u00e1 ke sp\u00e1nku spousta \u017eivo\u010dich\u016f. Tak jako jdou sp\u00e1t kv\u011btiny a stromy, tak us\u00ednaj\u00ed ti, kter\u00fdm je matkou p\u0159\u00edrodou ur\u010deno zimu prospat tady u n\u00e1s. Dal\u0161\u00ed pak migruj\u00ed n\u011bkam za teplem a ti, kte\u0159\u00ed na zimu z\u016fstanou jim mo\u017en\u00e1 hodn\u011b z\u00e1vid\u00ed. \u00a0Podzimn\u00ed posezen\u00ed na zahr\u00e1dce je jist\u011b hodn\u011b nostalgick\u00e9 a \u010dlov\u011bk citliv\u00fd se neubr\u00e1n\u00ed tro\u0161ce vzpom\u00ednek. Used\u00e1 pod strom, aby zap\u0159em\u00fd\u0161lel nad \u017eivotem jako takov\u00fdm. Mo\u017en\u00e1 tak\u00e9 trochu bilancuje a uva\u017euje nad t\u00edm, co bude na zahrad\u011b p\u0159\u00ed\u0161t\u00ed rok. A mo\u017en\u00e1 jej tak\u00e9 napadne, \u017ee nen\u00ed zase tak jist\u00e9, \u017ee se tu na ja\u0159e objev\u00ed. Nikdo nev\u00edme dne ani hodiny. \u00a0Budi\u017e pochv\u00e1len podzim a p\u0159\u00edroda, kter\u00e1 n\u00e1m tak nab\u00edz\u00ed \u010das k p\u0159em\u00fd\u0161len\u00ed, a tak vlastn\u011b i k du\u0161evn\u00ed relaxaci. Jen je t\u0159eba um\u011bt toho po\u0159\u00e1dn\u011b vyu\u017e\u00edt. Nu\u017ee vzh\u016fru. Jdeme na zahradu.\u00a0                                                                                                                                                                                                                                                                                                                                                                                                "},{"@context":"https:\/\/schema.org\/","@type":"BreadcrumbList","itemListElement":[{"@type":"ListItem","position":1,"name":"Podzim na zahrad\u011b","item":"https:\/\/www.audea.cz\/podzim-na-zahrade\/#breadcrumbitem"}]}]