[{"@context":"https:\/\/schema.org\/","@type":"Article","@id":"https:\/\/www.audea.cz\/prostor-na-hrani\/#Article","mainEntityOfPage":"https:\/\/www.audea.cz\/prostor-na-hrani\/","headline":"Prostor na hran\u00ed","name":"Prostor na hran\u00ed","description":"N\u00e1bytek Plze\u0148 m\u00e1 \u0161irok\u00fd v\u00fdb\u011br za\u0159\u00edzen\u00ed do d\u011btsk\u00e9ho pokoje pro r\u016fzn\u00e9 v\u011bkov\u00e9 kategorie. Jsme zna\u010dkov\u00e1 prodejna a nab\u00edz\u00edme kvalitn\u00ed stoly, \u017eidle a postele pro Va\u0161eho p\u0159ed\u0161kol\u00e1ka nebo u\u017e \u0161kol\u00e1ka. Budete uneseni, jak\u00e9 vychyt\u00e1vky m\u00e1me p\u0159ipraveny a Va\u0161e d\u011bti ocen\u00ed sv\u016fj pokoj\u00ed\u010dek se v\u0161emi mo\u017enostmi, kter\u00e9 budou m\u00edt. P\u0159ij\u010fte a my [&hellip;]","datePublished":"2025-01-05","dateModified":"2025-01-05","author":{"@type":"Person","@id":"https:\/\/www.audea.cz\/author\/devene\/#Person","name":"devene","url":"https:\/\/www.audea.cz\/author\/devene\/","identifier":1,"image":{"@type":"ImageObject","@id":"https:\/\/secure.gravatar.com\/avatar\/6b1978a802e1d2522476d4f1a954a19e989b74ba84b3e15a182efb651cc75097?s=96&d=mm&r=g","url":"https:\/\/secure.gravatar.com\/avatar\/6b1978a802e1d2522476d4f1a954a19e989b74ba84b3e15a182efb651cc75097?s=96&d=mm&r=g","height":96,"width":96}},"publisher":{"@type":"Organization","name":"audea.cz","logo":{"@type":"ImageObject","@id":"\/logo.png","url":"\/logo.png","width":600,"height":60}},"url":"https:\/\/www.audea.cz\/prostor-na-hrani\/","wordCount":183,"articleBody":" N\u00e1bytek Plze\u0148 m\u00e1 \u0161irok\u00fd v\u00fdb\u011br za\u0159\u00edzen\u00ed do d\u011btsk\u00e9ho pokoje pro r\u016fzn\u00e9 v\u011bkov\u00e9 kategorie. Jsme zna\u010dkov\u00e1 prodejna a nab\u00edz\u00edme kvalitn\u00ed stoly, \u017eidle a postele pro Va\u0161eho p\u0159ed\u0161kol\u00e1ka nebo u\u017e \u0161kol\u00e1ka. Budete uneseni, jak\u00e9 vychyt\u00e1vky m\u00e1me p\u0159ipraveny a Va\u0161e d\u011bti ocen\u00ed sv\u016fj pokoj\u00ed\u010dek se v\u0161emi mo\u017enostmi, kter\u00e9 budou m\u00edt. P\u0159ij\u010fte a my V\u00e1m pom\u016f\u017eeme vybrat. Zp\u0159\u00edjemn\u011bte sv\u00fdm d\u011btem prostor na hran\u00ed nebo u\u010den\u00ed. Tou\u017e\u00edte po nov\u00e9 kuchyni? Vym\u011b\u0148te n\u00e1bytek v kuchyni za nov\u00fd, t\u0159eba s ostr\u016fvkem a z\u00e1rove\u0148 barem uprost\u0159ed a cel\u00fd byt se rozz\u00e1\u0159\u00ed a napln\u00ed V\u00e1s optimismem. Dod\u00e1v\u00e1me nejr\u016fzn\u011bj\u0161\u00ed proveden\u00ed s modern\u00edmi dv\u00ed\u0159ky, mechanizmy a dojezdy pro snadn\u011bj\u0161\u00ed ovl\u00e1d\u00e1n\u00ed. Povrchovou \u00fapravu zvolte dle sv\u00e9 p\u0159edstavy v matn\u00e9m nebo leskl\u00e9m proveden\u00ed. V m\u00f3d\u011b jsou t\u00e9\u017e r\u016fzn\u00e9 motivy, kter\u00e9 Va\u0161i linku ozvl\u00e1\u0161tn\u00ed a dod\u00e1 na exkluzivit\u011b.                                                                                                                                                                                                                                                                                                                                                                                                "},{"@context":"https:\/\/schema.org\/","@type":"BreadcrumbList","itemListElement":[{"@type":"ListItem","position":1,"name":"Prostor na hran\u00ed","item":"https:\/\/www.audea.cz\/prostor-na-hrani\/#breadcrumbitem"}]}]