[{"@context":"https:\/\/schema.org\/","@type":"Article","@id":"https:\/\/www.audea.cz\/skveli-kocarek-pro-miminko-i-vetsi-dite\/#Article","mainEntityOfPage":"https:\/\/www.audea.cz\/skveli-kocarek-pro-miminko-i-vetsi-dite\/","headline":"Skv\u011bl\u00ed ko\u010d\u00e1rek pro miminko i v\u011bt\u0161\u00ed d\u00edt\u011b","name":"Skv\u011bl\u00ed ko\u010d\u00e1rek pro miminko i v\u011bt\u0161\u00ed d\u00edt\u011b","description":"Miminko u\u017e je na cest\u011b a vy si za\u010d\u00edn\u00e1te balit ta\u0161ku do porodnice a nedo\u010dkav\u011b u\u017e odpo\u010d\u00edt\u00e1v\u00e1te dny, kdy bude va\u0161e mal\u00e9 \u0161t\u011bst\u00ed na sv\u011bt\u011b. Pr\u00e1v\u011b to m\u00e1m taky takhle. U\u017e se nem\u016f\u017eu do\u010dkat a\u017e ten mal\u00fd uzl\u00ed\u010dek \u0161t\u011bst\u00ed budu dr\u017eet v n\u00e1ru\u010d\u00ed a bude tady kone\u010dn\u011b s n\u00e1mi. Kdy [&hellip;]","datePublished":"2023-06-19","dateModified":"2023-07-19","author":{"@type":"Person","@id":"https:\/\/www.audea.cz\/author\/devene\/#Person","name":"devene","url":"https:\/\/www.audea.cz\/author\/devene\/","identifier":1,"image":{"@type":"ImageObject","@id":"https:\/\/secure.gravatar.com\/avatar\/6b1978a802e1d2522476d4f1a954a19e989b74ba84b3e15a182efb651cc75097?s=96&d=mm&r=g","url":"https:\/\/secure.gravatar.com\/avatar\/6b1978a802e1d2522476d4f1a954a19e989b74ba84b3e15a182efb651cc75097?s=96&d=mm&r=g","height":96,"width":96}},"publisher":{"@type":"Organization","name":"audea.cz","logo":{"@type":"ImageObject","@id":"\/logo.png","url":"\/logo.png","width":600,"height":60}},"image":{"@type":"ImageObject","@id":"https:\/\/www.audea.cz\/wp-content\/uploads\/newborn-4569905_1280.jpg","url":"https:\/\/www.audea.cz\/wp-content\/uploads\/newborn-4569905_1280.jpg","height":0,"width":0},"url":"https:\/\/www.audea.cz\/skveli-kocarek-pro-miminko-i-vetsi-dite\/","about":["V\u00fdrobky"],"wordCount":454,"articleBody":"       Miminko u\u017e je na cest\u011b a vy si za\u010d\u00edn\u00e1te balit ta\u0161ku do porodnice a nedo\u010dkav\u011b u\u017e odpo\u010d\u00edt\u00e1v\u00e1te dny, kdy bude va\u0161e mal\u00e9 \u0161t\u011bst\u00ed na sv\u011bt\u011b. Pr\u00e1v\u011b to m\u00e1m taky takhle. U\u017e se nem\u016f\u017eu do\u010dkat a\u017e ten mal\u00fd uzl\u00ed\u010dek \u0161t\u011bst\u00ed budu dr\u017eet v n\u00e1ru\u010d\u00ed a bude tady kone\u010dn\u011b s n\u00e1mi. Kdy jste za\u010dali po\u0159izovat v\u00fdbavi\u010dku? J\u00e1 osobn\u011b m\u016f\u017eu \u0159\u00edct, \u017ee jsem po v\u00fdbav\u011b pokukovala hned jak jsem se dozv\u011bd\u011bla, \u017ee jsem t\u011bhotn\u00e1. Ale je\u0161t\u011b jsem nic nekupovala, jen jsem se rozhl\u00ed\u017eela, jak\u00fd sortiment je mi nab\u00eddnut. No je toho opravdu spoustu a v\u00fdb\u011br je taky opravdu \u0161irok\u00fd. Tak \u017ee je t\u011b\u017ek\u00e9 si n\u011bco po\u0159\u00eddit. Poka\u017ed\u00e9 se i l\u00edbilo n\u011bco jin\u00e9ho, nebo nov\u00e9ho. Taky m\u00e1m tu v\u00fdhodu, \u017ee jsem spoustu v\u011bc\u00ed pod\u011bdila po sest\u0159e, kter\u00e1 u\u017e m\u00e1 v\u011bt\u0161\u00ed d\u011bti. No ale v\u00edte, jak to je. Ka\u017ed\u00e1 maminka, a i tat\u00ednek koup\u00ed sv\u00e9mu mil\u00e1\u010dkovi n\u011bco nov\u00e9ho a hezk\u00e9ho. Ko\u010d\u00e1rek jsme bohu\u017eel nepod\u011bdili, a tak jsme se museli pod\u00edvat po n\u011bjak\u00e9m nov\u00e9m. Tak jsem si sedla k internetu a za\u010dala hledat. No m\u016f\u017eu v\u00e1m \u0159\u00edct, \u017ee v\u00fdb\u011br byl opravdu slo\u017eit\u00fd. Radila jsem se i na r\u016fzn\u00fdch skupink\u00e1ch, kde maminky prob\u00edrali ko\u010d\u00e1rky. Kter\u00e9 jsou lep\u0161\u00ed, za p\u0159\u00edznivou cenu. Ale vy sama si mus\u00edte taky ujistit co od dan\u00e9ho ko\u010d\u00e1rku po\u017eadujete. V\u00fdb\u011br je opravdu \u0161irok\u00fd, tak\u017ee si m\u016f\u017eete zvolit bu\u010fto ko\u010d\u00e1rek do m\u011bsta na rovn\u00e9 plochy, nebo ko\u010d\u00e1rek i do ter\u00e9nu. Tak \u017ee z\u00e1le\u017e\u00ed na v\u00e1s, co preferujete vy. Taky si m\u016f\u017eete vybrat opravdu ze spousty barev a vzor\u016f. Taky je super, kdy\u017e m\u00e1 ko\u010d\u00e1rek areta\u010dn\u00ed kole\u010dka, kter\u00e9 jsou r\u016fzn\u011b nastavit. Ko\u010d\u00e1rek s brzdou je tedy z\u00e1klad. P\u0159i m\u00e1m hled\u00e1n\u00ed jsem narazila na ko\u010d\u00e1rek Mamas &amp; Papas https:\/\/www.maxim-kocarky.cz\/kategorie-produktu\/kocarky\/mamas-and-papas\/ , kter\u00fd vypad\u00e1 naprosto \u00fa\u017easn\u011b. Hlavn\u011b je v univerz\u00e1ln\u00ed barv\u011b, kterou j\u00e1 po\u017eaduji, jeliko\u017e nev\u00edme pohlav\u00ed a chceme se nechat p\u0159ekvapit. V\u00fdhodou toho v\u0161eho je, \u017ee nab\u00edz\u00ed dokonce i kompletn\u00ed set ko\u010d\u00e1rku. Tak\u017ee budete m\u00edt zrovna po ruce i sportovn\u00ed verzi, kter\u00e1 se v\u00e1m bude hodit. D\u011bti p\u0159eci rostou rychlost\u00ed blesku a ani se nenad\u011bjeme a za\u010dnou chodit do \u0161kolky.                                                                                                                                                                                                                                                                                                                                                                                                  "},{"@context":"https:\/\/schema.org\/","@type":"BreadcrumbList","itemListElement":[{"@type":"ListItem","position":1,"name":"Skv\u011bl\u00ed ko\u010d\u00e1rek pro miminko i v\u011bt\u0161\u00ed d\u00edt\u011b","item":"https:\/\/www.audea.cz\/skveli-kocarek-pro-miminko-i-vetsi-dite\/#breadcrumbitem"}]}]